{"id":6091,"date":"2020-04-20T18:40:01","date_gmt":"2020-04-20T16:40:01","guid":{"rendered":"https:\/\/cdsanmarcialirun.com\/?p=6091"},"modified":"2020-04-20T21:13:59","modified_gmt":"2020-04-20T19:13:59","slug":"juanjo-de-panaderia-cafeteria-garia","status":"publish","type":"post","link":"https:\/\/cdsanmarcialirun.com\/eu\/juanjo-de-panaderia-cafeteria-garia\/","title":{"rendered":"Juanjo de  Panader\u00eda Cafeter\u00eda Garia"},"content":{"rendered":"<blockquote>\n<h3>Llevamos en marcha poco m\u00e1s de 4 a\u00f1os y tenemos que decir que estamos encantados con la acogida que hemos tenido .<\/h3>\n<\/blockquote>\n<p>Panader\u00eda Garia, es uno de nuestros patrocinadores. Hoy Juanjo Vacas nos cuenta como lo est\u00e1n llevando.<\/p>\n<figure id=\"attachment_6092\" aria-describedby=\"caption-attachment-6092\" style=\"width: 960px\" class=\"wp-caption aligncenter\"><img loading=\"lazy\" decoding=\"async\" class=\"wp-image-6092 size-full lazyload\" data-src=\"https:\/\/cdsanmarcialirun.com\/wp-content\/uploads\/2020\/04\/19554620_1352902884779449_9196404061418785557_n.jpg\" alt=\"\" width=\"960\" height=\"370\" data-srcset=\"https:\/\/cdsanmarcialirun.com\/wp-content\/uploads\/2020\/04\/19554620_1352902884779449_9196404061418785557_n.jpg 960w, https:\/\/cdsanmarcialirun.com\/wp-content\/uploads\/2020\/04\/19554620_1352902884779449_9196404061418785557_n-600x231.jpg 600w\" data-sizes=\"auto, (max-width: 960px) 100vw, 960px\" src=\"data:image\/gif;base64,R0lGODlhAQABAAAAACH5BAEKAAEALAAAAAABAAEAAAICTAEAOw==\" style=\"--smush-placeholder-width: 960px; --smush-placeholder-aspect-ratio: 960\/370;\" \/><noscript><img loading=\"lazy\" decoding=\"async\" class=\"wp-image-6092 size-full\" src=\"https:\/\/cdsanmarcialirun.com\/wp-content\/uploads\/2020\/04\/19554620_1352902884779449_9196404061418785557_n.jpg\" alt=\"\" width=\"960\" height=\"370\" srcset=\"https:\/\/cdsanmarcialirun.com\/wp-content\/uploads\/2020\/04\/19554620_1352902884779449_9196404061418785557_n.jpg 960w, https:\/\/cdsanmarcialirun.com\/wp-content\/uploads\/2020\/04\/19554620_1352902884779449_9196404061418785557_n-600x231.jpg 600w\" sizes=\"auto, (max-width: 960px) 100vw, 960px\" \/><\/noscript><figcaption id=\"caption-attachment-6092\" class=\"wp-caption-text\">Cafeter\u00eda Panader\u00eda Garia<\/figcaption><\/figure>\n<p><strong>Para comenzar Juanjo, \u00bfqu\u00e9 nos puedes contar sobre vosotros?<\/strong><\/p>\n<p>Somos una sociedad de 5 personas ( David , Mabel, Thais, To\u00f1i ) que disfrutamos con nuestro trabajo. Llevamos en marcha poco m\u00e1s de 4 a\u00f1os y tenemos que decir que estamos encantados con la acogida que hemos tenido .<\/p>\n<p><strong>\u00bfCu\u00e1l ha sido vuestro camino hasta aqu\u00ed?<\/strong><\/p>\n<p>Venimos de trabajar todos en una panaderia-pasteleria de renombre en Irun que no pudo soportar la crisis econ\u00f3mica de hace unos a\u00f1os . Despu\u00e9s de estar trabajando en diferentes panader\u00edas y pastelerias empezamos a darle una vuelta a la opci\u00f3n de montar algo nuestro. Ten\u00edamos todo lo que necesit\u00e1bamos. Un panadero, un pastelero y 3 dependientas. Incluso nuestro compa\u00f1ero Juantxo apost\u00f3 por unirse a este reto y poder tener tambi\u00e9n reparto .<\/p>\n<p><strong>\u00bfC\u00f3mo esta siendo el Covid-19?<\/strong><\/p>\n<p>Nuestra situaci\u00f3n con el covid 19 es complicada como para el resto de la gente. Por un lado tenemos la suerte de poder trabajar para hacer frente a los pagos y poder mantener a toda la plantilla. Por otro lado, mis compa\u00f1eras llevan con bastante tensi\u00f3n desde que empez\u00f3 esta pandemia con las precauciones que tienen que tomar ( mascarillas, guantes , desinfecci\u00f3n de monedas y billetes, etc. ). Es lo que toca. Costara bastante volver a lo de antes pero soy optimista.<\/p>\n<p><strong>\u00bfC\u00f3mo surgi\u00f3 la posibilidad de colaborar con el C.D. San Marcial?<\/strong><\/p>\n<p>Tengo a un hijo en el club. Desde el c d.San Marcial me propusieron echar una mano como patrocinador para ayudar a dar los primeros pasos . Lo hable con mis socios y no lo dudaron. Nos apetec\u00eda a todos apoyar al f\u00fatbol de cantera de Irun.<\/p>\n<p><strong>Ahora se acerca el d\u00eda el d\u00eda de la opilla, teniendo en cuenta la\u00a0situaci\u00f3n, \u00bfc\u00f3mo os vais a adaptar este a\u00f1o?<\/strong><\/p>\n<div id=\"js_1s4\" class=\"_5pbx userContent _3576\" data-testid=\"post_message\" data-ft=\"{&quot;tn&quot;:&quot;K&quot;}\">\n<p>Con motivo de la situaci\u00f3n en la que nos encontramos, en el caso de no poder venir a buscarla, hemos facilitado la opci\u00f3n de poder encargarla y te la llevamos a domicilio. Los que quieran, ya pueden reservarla en GARIA o llamando al 943259484.<\/p>\n<\/div>\n<p><img loading=\"lazy\" decoding=\"async\" class=\"aligncenter wp-image-6094 size-medium lazyload\" data-src=\"https:\/\/cdsanmarcialirun.com\/wp-content\/uploads\/2020\/04\/92357916_2807166009353122_2671376302702854144_o-300x203.jpg\" alt=\"\" width=\"300\" height=\"203\" src=\"data:image\/gif;base64,R0lGODlhAQABAAAAACH5BAEKAAEALAAAAAABAAEAAAICTAEAOw==\" style=\"--smush-placeholder-width: 300px; --smush-placeholder-aspect-ratio: 300\/203;\" \/><noscript><img loading=\"lazy\" decoding=\"async\" class=\"aligncenter wp-image-6094 size-medium\" src=\"https:\/\/cdsanmarcialirun.com\/wp-content\/uploads\/2020\/04\/92357916_2807166009353122_2671376302702854144_o-300x203.jpg\" alt=\"\" width=\"300\" height=\"203\" \/><\/noscript><\/p>\n<p>&nbsp;<\/p>\n<p><strong>Algo que quieras a\u00f1adir para terminar&#8230;<\/strong><\/p>\n<p>Irun es una gran ciudad con gente fant\u00e1stica. Costar\u00e1 arrancar otra vez pero lo conseguimos. Seguro. Mucha fuerza<\/p>\n<p>&nbsp;<\/p>\n<p>Desde el club solo daros las \u00a0gracias y \u00e1nimo!<\/p>\n","protected":false},"excerpt":{"rendered":"<p>Llevamos en marcha poco m\u00e1s de 4 a\u00f1os y tenemos que decir que estamos encantados con la acogida que hemos tenido . Panader\u00eda Garia, es uno de nuestros patrocinadores. Hoy Juanjo Vacas nos cuenta como lo est\u00e1n llevando. Para comenzar Juanjo, \u00bfqu\u00e9 nos puedes contar sobre vosotros? Somos una sociedad de 5 personas ( David , Mabel, Thais, To\u00f1i ) que disfrutamos con nuestro trabajo. Llevamos en marcha poco m\u00e1s de 4 a\u00f1os y tenemos que decir que estamos encantados con la acogida que hemos tenido . \u00bfCu\u00e1l ha sido vuestro camino hasta aqu\u00ed? Venimos de trabajar todos en una<a class=\"read-more\" href=\"https:\/\/cdsanmarcialirun.com\/eu\/juanjo-de-panaderia-cafeteria-garia\/\">&#8230;<\/a><\/p>\n","protected":false},"author":1,"featured_media":0,"comment_status":"open","ping_status":"open","sticky":false,"template":"","format":"standard","meta":{"footnotes":""},"categories":[84,113,112],"tags":[],"class_list":["post-6091","post","type-post","status-publish","format-standard","hentry","category-babesleak","category-entrevista","category-patrocinadores-2"],"_links":{"self":[{"href":"https:\/\/cdsanmarcialirun.com\/eu\/wp-json\/wp\/v2\/posts\/6091","targetHints":{"allow":["GET"]}}],"collection":[{"href":"https:\/\/cdsanmarcialirun.com\/eu\/wp-json\/wp\/v2\/posts"}],"about":[{"href":"https:\/\/cdsanmarcialirun.com\/eu\/wp-json\/wp\/v2\/types\/post"}],"author":[{"embeddable":true,"href":"https:\/\/cdsanmarcialirun.com\/eu\/wp-json\/wp\/v2\/users\/1"}],"replies":[{"embeddable":true,"href":"https:\/\/cdsanmarcialirun.com\/eu\/wp-json\/wp\/v2\/comments?post=6091"}],"version-history":[{"count":3,"href":"https:\/\/cdsanmarcialirun.com\/eu\/wp-json\/wp\/v2\/posts\/6091\/revisions"}],"predecessor-version":[{"id":6122,"href":"https:\/\/cdsanmarcialirun.com\/eu\/wp-json\/wp\/v2\/posts\/6091\/revisions\/6122"}],"wp:attachment":[{"href":"https:\/\/cdsanmarcialirun.com\/eu\/wp-json\/wp\/v2\/media?parent=6091"}],"wp:term":[{"taxonomy":"category","embeddable":true,"href":"https:\/\/cdsanmarcialirun.com\/eu\/wp-json\/wp\/v2\/categories?post=6091"},{"taxonomy":"post_tag","embeddable":true,"href":"https:\/\/cdsanmarcialirun.com\/eu\/wp-json\/wp\/v2\/tags?post=6091"}],"curies":[{"name":"wp","href":"https:\/\/api.w.org\/{rel}","templated":true}]}}